{"id":615,"date":"2014-01-28T14:47:50","date_gmt":"2014-01-28T12:47:50","guid":{"rendered":"https:\/\/www.judo-blog.de\/wordpress\/?p=615"},"modified":"2014-03-16T19:50:41","modified_gmt":"2014-03-16T17:50:41","slug":"33-tokio-hirano-gedenk-lehrgang","status":"publish","type":"post","link":"https:\/\/www.judo-blog.de\/wordpress\/allgemein\/33-tokio-hirano-gedenk-lehrgang\/","title":{"rendered":"33. Tokio-Hirano-Gedenk-Lehrgang"},"content":{"rendered":"<p>Datum: 15. M\u00e4rz \/ 16. M\u00e4rz 2014<br \/>\nOrt: gro\u00dfe Sporthalle des MTV Urberach, Sch\u00f6mbstr. 31, 63322 Urberach<\/p>\n<h1>Referenten:<\/h1>\n<p>Frank Thiele 9. Dan Judo<br \/>\nTom Herold 8. Dan Judo<br \/>\n<!--more--><\/p>\n<h1>Trainingszeiten:<\/h1>\n<p>Samstag, 15. M\u00e4rz 9:00 &#8211; 18.00<br \/>\nSonntag, 16. M\u00e4rz 9:00 &#8211; 13:00<\/p>\n<h1>Lehrgangsthemen:<\/h1>\n<h2>Grundlagen der Bewegungen im Stand<\/h2>\n<p>Grundlagen der Ashi-Waza<br \/>\nTai-Sabaki<br \/>\nFa\u00dfarten mit und ohne Gi<br \/>\nDrills<\/p>\n<h2>Wurfvarianten<\/h2>\n<p>Yoko-Sutemi-Waza<br \/>\nAbtauch-Techniken mit und ohne Gi<\/p>\n<h2>Ne-Waza<\/h2>\n<p>Chess Drill, Monkey-Drill<br \/>\nWiederholung der Basis-Elemente des Prasara Yoga und der &#8222;Animal Moves&#8220;<br \/>\nWiederholung Escapes<br \/>\nWiederholung Framing<br \/>\nGuardpass<br \/>\nSweeps<br \/>\nW\u00fcrgen ohne Gi<br \/>\nVerkettungen von W\u00fcrgegriffen und Hebeln<\/p>\n<h1>Lehrgangsgeb\u00fchr<\/h1>\n<p>70,- Euro incl. Verpflegung (Uschi Thiele kocht wieder, und wie immer gibt es jede Menge selbstgebackenen Kuchen, selbstgemachten Pudding, Obst und Getr\u00e4nke!)<\/p>\n<p>Bitte vorab \u00fcberweisen:\u00a0Konto-Daten bitte bei Frank Thiele erfragen: <a title=\"Kontakt\" href=\"http:\/\/www.mtv-urberach.de\/personen\/frank_thiele.htm\" target=\"_blank\">Kontakt<\/a><\/p>\n<p>Bitte bei der Einzahlung unbedingt angeben: 33. THGL \/ Name<\/p>\n<p>\u00dcbernachtungen in der Halle sind kostenlos m\u00f6glich.<\/p>\n","protected":false},"excerpt":{"rendered":"<p>Datum: 15. M\u00e4rz \/ 16. M\u00e4rz 2014 Ort: gro\u00dfe Sporthalle des MTV Urberach, Sch\u00f6mbstr. 31, 63322 Urberach Referenten: Frank Thiele 9. Dan Judo Tom Herold 8. Dan Judo<\/p>\n","protected":false},"author":5,"featured_media":0,"comment_status":"closed","ping_status":"open","sticky":false,"template":"","format":"standard","meta":[],"categories":[1,8],"tags":[],"_links":{"self":[{"href":"https:\/\/www.judo-blog.de\/wordpress\/wp-json\/wp\/v2\/posts\/615"}],"collection":[{"href":"https:\/\/www.judo-blog.de\/wordpress\/wp-json\/wp\/v2\/posts"}],"about":[{"href":"https:\/\/www.judo-blog.de\/wordpress\/wp-json\/wp\/v2\/types\/post"}],"author":[{"embeddable":true,"href":"https:\/\/www.judo-blog.de\/wordpress\/wp-json\/wp\/v2\/users\/5"}],"replies":[{"embeddable":true,"href":"https:\/\/www.judo-blog.de\/wordpress\/wp-json\/wp\/v2\/comments?post=615"}],"version-history":[{"count":6,"href":"https:\/\/www.judo-blog.de\/wordpress\/wp-json\/wp\/v2\/posts\/615\/revisions"}],"predecessor-version":[{"id":630,"href":"https:\/\/www.judo-blog.de\/wordpress\/wp-json\/wp\/v2\/posts\/615\/revisions\/630"}],"wp:attachment":[{"href":"https:\/\/www.judo-blog.de\/wordpress\/wp-json\/wp\/v2\/media?parent=615"}],"wp:term":[{"taxonomy":"category","embeddable":true,"href":"https:\/\/www.judo-blog.de\/wordpress\/wp-json\/wp\/v2\/categories?post=615"},{"taxonomy":"post_tag","embeddable":true,"href":"https:\/\/www.judo-blog.de\/wordpress\/wp-json\/wp\/v2\/tags?post=615"}],"curies":[{"name":"wp","href":"https:\/\/api.w.org\/{rel}","templated":true}]}}